{"id":471,"date":"2018-07-27T18:18:30","date_gmt":"2018-07-27T18:18:30","guid":{"rendered":"https:\/\/www.balessan.me\/?p=471"},"modified":"2018-09-09T20:18:05","modified_gmt":"2018-09-09T20:18:05","slug":"1ere-section-geneve-nantua-maillat","status":"publish","type":"post","link":"https:\/\/www.balessan.me\/en-route-vers-liron-man\/1ere-section-geneve-nantua-maillat\/","title":{"rendered":"1\u00e8re section : Gen\u00e8ve-Nantua-Maillat"},"content":{"rendered":"<p>Premi\u00e8re \u00e9tape de 58km jusqu&#8217;\u00e0 Nantua (70 jusqu&#8217;\u00e0 Maillat) pour 765m de d\u00e9nivel\u00e9 positif.<\/p>\n<h2>Le d\u00e9part<\/h2>\n<p>Un d\u00e9part \u00e0 la fraiche vers 7h30 de Gen\u00e8ve, aucun rat\u00e9 dans l&#8217;orientation pour quitter la ville et un premier test de trajet v\u00e9lo avec un sac-\u00e0-dos qui ferait froncer les sourcils aux puristes du cyclotourisme (12kgs dans le sac tout de m\u00eame). Une premi\u00e8re bonne surprise d\u00e8s la sortie de Gen\u00e8ve avec une piste cyclable qui m&#8217;accompagne jusqu&#8217;\u00e0 la fronti\u00e8re (Chancy, 16kms). Un passage beaucoup moins agr\u00e9able pass\u00e9 la fronti\u00e8re avec les premi\u00e8res c\u00f4tes du c\u00f4t\u00e9 de Pougny.<\/p>\n<p>Par la suite une succession de routes de montagne, d\u00e9partementales poss\u00e9dant des bas-c\u00f4t\u00e9s suffisamment larges pour ne pas craindre de rencontres avec les camions et une chaleur pas encore trop pr\u00e9sente pour enlever le charme de rouler de bon matin. Un arr\u00eat boisson-collation juste \u00e0 la sortie de Bellegarde-sur-valserine vers 9h30, avec d\u00e9j\u00e0 36km de parcourus soit plus de la moiti\u00e9 du parcours du jour.<\/p>\n<p>Quelques tr\u00e8s beaux endroits, pas mal d&#8217;ombres, et les c\u00f4tes vers Nantua qui se font au fur et \u00e0 mesure sentir de plus en plus mais qui sont toujours r\u00e9compens\u00e9es par une descente rafraichissante dans la foul\u00e9e. Des routes en meilleur \u00e9tat que ce \u00e0 quoi je m&#8217;attendais, quelques zones de travaux, la compagnie (et l&#8217;aspiration) temporaire de deux autres cyclistes, suisses qui allaient au col de la faucille en faisant le tour du pays de Gex.<\/p>\n<p><img loading=\"lazy\" src=\"https:\/\/www.balessan.me\/wp-content\/uploads\/2018\/09\/IMG_20180723_103405-1024x768.jpg\" alt=\"\" class=\"aligncenter size-large wp-image-568\" width=\"1024\" height=\"768\" srcset=\"https:\/\/www.balessan.me\/wp-content\/uploads\/2018\/09\/IMG_20180723_103405-1024x768.jpg 1024w, https:\/\/www.balessan.me\/wp-content\/uploads\/2018\/09\/IMG_20180723_103405-300x225.jpg 300w, https:\/\/www.balessan.me\/wp-content\/uploads\/2018\/09\/IMG_20180723_103405-768x576.jpg 768w\" sizes=\"(max-width: 1024px) 100vw, 1024px\" \/><\/p>\n<h2>Nantua<\/h2>\n<p>Arriv\u00e9e \u00e0 Nantua vers 10h50, soit beaucoup beaucoup plus t\u00f4t que pr\u00e9vu. Mais on s&#8217;en accomode, puisque dans la foul\u00e9e je vais plonger une t\u00eate dans le lac avant de me poser \u00e0 la terasse d&#8217;un petit restaurant du centre-ville (le seul ouvert le lundi). Le lac est assez joli, moins magnifique que ceux d&#8217;Annecy ou du Bourget, mais suffisamment joli pour que passer du temps sur ces rives soit agr\u00e9ables. Dans la foul\u00e9e, op\u00e9ration laverie pour \u00eatre s\u00fbr d&#8217;avoir ce qu&#8217;il faut en v\u00eatements propres et secs pour une bonne partie de la semaine, puis repos au bord du lac en attendant que l&#8217;heure tourne et que je puisse ensuite me diriger vers Maillat ou j&#8217;ai r\u00e9serv\u00e9 une chambre dans l&#8217;h\u00f4tel le Relax.<\/p>\n<p><img loading=\"lazy\" src=\"https:\/\/www.balessan.me\/wp-content\/uploads\/2018\/09\/IMG_20180723_154139-1024x768.jpg\" alt=\"\" class=\"aligncenter size-large wp-image-577\" width=\"1024\" height=\"768\" srcset=\"https:\/\/www.balessan.me\/wp-content\/uploads\/2018\/09\/IMG_20180723_154139-1024x768.jpg 1024w, https:\/\/www.balessan.me\/wp-content\/uploads\/2018\/09\/IMG_20180723_154139-300x225.jpg 300w, https:\/\/www.balessan.me\/wp-content\/uploads\/2018\/09\/IMG_20180723_154139-768x576.jpg 768w\" sizes=\"(max-width: 1024px) 100vw, 1024px\" \/><\/p>\n<p>16H30, apr\u00e8s avoir repiqu\u00e9 une derni\u00e8re t\u00eate dans le lac, d\u00e9part vers Maillat. La chaleur est encore bien pr\u00e9sente et la fin du parcours assez expos\u00e9. Petit d\u00e9nivel\u00e9, \u00e7a commence \u00e0 tirer dans les jambes ! Apr\u00e8s une dizaine de minutes de route je m&#8217;interroge et m&#8217;arr\u00eate afin de v\u00e9rifier le chemin. C&#8217;est le bon. Je poursuis. Un chemin cyclable est propos\u00e9 qui d\u00e9vie de la d\u00e9partementale. Je tente. Ca finit par m&#8217;amener au bon endroit (le patelin \u00e0 c\u00f4t\u00e9 de Maillat), apr\u00e8s quelques gouttes de sueur.<\/p>\n<h2>L&#8217;arriv\u00e9e \u00e0 Maillat<\/h2>\n<p>17h15, je suis donc \u00e0 l&#8217;h\u00f4tel ! Petite chambre sympathique, restaurant associ\u00e9 \u00e0 l&#8217;h\u00f4tel pas tr\u00e8s loin. Ayant d\u00e9cid\u00e9 de partir t\u00f4t le lendemain (6h30\/7h), je pose la question concernant le petit-d\u00e9jeuner. Il est servi \u00e0 partir de 6h. Nickel \ud83d\ude42<\/p>\n<p>Petit passage \u00e0 venir par le restaurant, je vous dis \ud83d\ude09<\/p>\n<p>PS: Restaurant tr\u00e8s sympathique m\u00eame si c&#8217;est un rep\u00eare de routier. Entr\u00e9es \u00e0 volont\u00e9 donc \u00e0 m\u00eame de combler mon app\u00e9tit du moment !<\/p>\n","protected":false},"excerpt":{"rendered":"<p>Premi\u00e8re \u00e9tape de 58km jusqu&#8217;\u00e0 Nantua (70 jusqu&#8217;\u00e0 Maillat) pour 765m de d\u00e9nivel\u00e9 positif. Le d\u00e9part Un d\u00e9part \u00e0 la fraiche vers 7h30 de Gen\u00e8ve, aucun rat\u00e9 dans l&#8217;orientation pour quitter la ville et un premier test de trajet v\u00e9lo avec un sac-\u00e0-dos qui ferait froncer les sourcils aux puristes du cyclotourisme (12kgs dans le [&hellip;]<\/p>\n","protected":false},"author":1,"featured_media":570,"comment_status":"open","ping_status":"open","sticky":false,"template":"","format":"standard","meta":{"_coopedia_published":false},"categories":[68,72],"tags":[],"_links":{"self":[{"href":"https:\/\/www.balessan.me\/api\/wp\/v2\/posts\/471"}],"collection":[{"href":"https:\/\/www.balessan.me\/api\/wp\/v2\/posts"}],"about":[{"href":"https:\/\/www.balessan.me\/api\/wp\/v2\/types\/post"}],"author":[{"embeddable":true,"href":"https:\/\/www.balessan.me\/api\/wp\/v2\/users\/1"}],"replies":[{"embeddable":true,"href":"https:\/\/www.balessan.me\/api\/wp\/v2\/comments?post=471"}],"version-history":[{"count":2,"href":"https:\/\/www.balessan.me\/api\/wp\/v2\/posts\/471\/revisions"}],"predecessor-version":[{"id":579,"href":"https:\/\/www.balessan.me\/api\/wp\/v2\/posts\/471\/revisions\/579"}],"wp:featuredmedia":[{"embeddable":true,"href":"https:\/\/www.balessan.me\/api\/wp\/v2\/media\/570"}],"wp:attachment":[{"href":"https:\/\/www.balessan.me\/api\/wp\/v2\/media?parent=471"}],"wp:term":[{"taxonomy":"category","embeddable":true,"href":"https:\/\/www.balessan.me\/api\/wp\/v2\/categories?post=471"},{"taxonomy":"post_tag","embeddable":true,"href":"https:\/\/www.balessan.me\/api\/wp\/v2\/tags?post=471"}],"curies":[{"name":"wp","href":"https:\/\/api.w.org\/{rel}","templated":true}]}}