{"id":344,"date":"2016-02-15T20:15:23","date_gmt":"2016-02-15T19:15:23","guid":{"rendered":"http:\/\/benoit-alessandroni.fr\/?p=344"},"modified":"2018-09-29T13:35:53","modified_gmt":"2018-09-29T13:35:53","slug":"habillement-a-la-francaise","status":"publish","type":"post","link":"https:\/\/www.balessan.me\/politique\/consommation\/habillement\/habillement-a-la-francaise\/","title":{"rendered":"L&#8217;habillement \u00e0 la fran\u00e7aise"},"content":{"rendered":"<p>Aujourd&#8217;hui j&#8217;ai envie d&#8217;\u00e9crire un article qui traite d&#8217;une th\u00e9matique tr\u00e8s particuli\u00e8re: l&#8217;habillement !<\/p>\n<p>En effet, en tant que personne cherchant \u00e0 consommer un maximum local (et donc fran\u00e7ais, puisque je vis en France), la question de l&#8217;habillement s&#8217;est pos\u00e9e assez vite lorsque la garde-robe dans laquelle j&#8217;avais investi durant mon s\u00e9jour au Qu\u00e9bec a commenc\u00e9 \u00e0 s\u00e9rieusement se d\u00e9grader (entendre par-l\u00e0: des trous non r\u00e9parable dans un certain nombre de jeans et des v\u00eatements qui, \u00e0 force d&#8217;\u00eatre lav\u00e9, perdent toute forme). Comme en plus quelques accidents de lavage \u00e0 la machine de v\u00eatements non adapt\u00e9s (pull en laine par exemple :-)) sont vites arriv\u00e9s, il fallait que je proc\u00e8de \u00e0 de nouveaux investissements.<\/p>\n<h2>Comment \u00e7a, un investissement ?<!--more--><\/h2>\n<p>Et je parle bien d&#8217;investissements car j&#8217;ai une vision assez particuli\u00e8re de l&#8217;habillement. En effet pour moi un v\u00eatement se veut avant tout fonctionnel, et la recherche de la qualit\u00e9 du produit (malgr\u00e9 un prix sup\u00e9rieur) <strong>doit<\/strong> se ressentir sur la dur\u00e9e de vie. Ce qui n&#8217;est pas toujours le cas, et une des raisons pour laquelle je n&#8217;ach\u00e8terais plus jamais du Levis. Leurs jeans co\u00fbtent cher et (mais c&#8217;est peut-\u00eatre une mauvaise exp\u00e9rience non significative) je n&#8217;ai jamais r\u00e9ussi \u00e0 en garder un en forme plus d&#8217;un an. A contrario d&#8217;American Eagle Outfitters, marque qui d&#8217;apr\u00e8s mon exp\u00e9rience, con\u00e7oit des produits qui tiennent dans la dur\u00e9e. Dans le principe, vous l&#8217;aurez donc compris, un produit plus cher ne me rebute pas s&#8217;il fait ses preuves et me convient \u00e0 l&#8217;usage.<\/p>\n<p>De plus, je suppose que, comme pour l&#8217;alimentation, le fait que la part allou\u00e9e \u00e0 l&#8217;habillement dans le budget des foyers diminue r\u00e9guli\u00e8rement <a href=\"http:\/\/www.insee.fr\/fr\/ffc\/docs_ffc\/ref\/CONSO09c.PDF\">(passant de 12% \u00e0 3.2% du budget annuel des m\u00e9nages entre 1960 et 2010)<\/a> cr\u00e9e une fuite en avant des fabricants dans une politique du toujours\u00a0 moins cher et donc du toujours plus horrible en terme de conditions de fabrication. On ne vous pr\u00e9sente plus les manufactures bangladaises. Bon,\u00a0 sur ce sujet il faut admettre que la question de qui de l&#8217;oeuf ou de la poule se pose tout de m\u00eame toujours&#8230;<\/p>\n<p>Donc le th\u00e8me d&#8217;aujourd&#8217;hui sera l&#8217;habillement, et plus particuli\u00e8rement l&#8217;habillement \u00e0 la fran\u00e7aise !<\/p>\n<p>Disclaimer: Qu&#8217;une marque soit fran\u00e7aise ou am\u00e9ricaine ou chinoise ne change rien. Le crit\u00e8re objectif principal de la s\u00e9lection que je vous propose est la localisation de la cha\u00eene de production en France. Avoir un bureau d&#8217;\u00e9tude en France n&#8217;est pas une condition suffisante \u00e0 l&#8217;application de l&#8217;appelation &#8220;Made in France&#8221;.<\/p>\n<h1>Manteaux<\/h1>\n<p>De ma part, cette recherche est assez r\u00e9cente puisque j&#8217;ai remplac\u00e9 mon vieux caban breton (achet\u00e9 justement chez H&amp;M en 2009 je crois) \u00e0 la fin de l&#8217;ann\u00e9e 2015. Pour cela, j&#8217;ai fais confiance \u00e0 la marque <a href=\"http:\/\/www.lamaisondukabic.com\/index.php?\">Dalmart Marine<\/a>, qui se pr\u00e9sente comme le dernier fabricant de v\u00e9ritables cabans de p\u00eacheurs faits en France. Si vous passez comme moi par leur site internet, n&#8217;ayez pas peur de l&#8217;aspect rustique de celui-ci, il fonctionne parfaitement. De plus, les indications de taille qui y sont donn\u00e9s sont ajust\u00e9s pour chacun des mod\u00e8les. J&#8217;avais ressorti mon m\u00e8tre expr\u00e8s, et l&#8217;ajustement propos\u00e9 (enlever une taille par rapport \u00e0 la mesure sur le mod\u00e8le que j&#8217;ai command\u00e9) m&#8217;a permis malgr\u00e9 un petit doute au d\u00e9part de ne pas avoir \u00e0 effectuer de renvoi. Apr\u00e8s un gros mois \u00e0 porter ce manteau presque tous les jours, je n&#8217;y trouve pas grand-chose \u00e0 redire, hormis peut-\u00eatre le design des boutons, qui n&#8217;inspirent pas \u00e9norm\u00e9ment de confiance au d\u00e9part. La doublure est magnifique, les poches int\u00e9rieures larges et \u00e9quip\u00e9es de fermetures \u00e9clair solides et le manteau en lui-m\u00eame est bien taill\u00e9. Les prix varient entre 300 et 400\u20ac selon le mod\u00e8le de manteau que vous commandez. Ce qui est bien sup\u00e9rieur aux standards du march\u00e9 dans les magasins classiques (H&amp;M, C&amp;A, etc&#8230;) mais pour une qualit\u00e9 qui n&#8217;a rien \u00e0 voir. Je ne peux par contre pas encore commenter la dur\u00e9e de vie.<\/p>\n<p>Malgr\u00e9 d&#8217;assez intenses recherches, je n&#8217;ai pas trouv\u00e9 d&#8217;autres fabricants dont la production est encore fran\u00e7aise, mais n&#8217;h\u00e9sitez pas si vous avez des informations. La diversit\u00e9 a toujours du bon !<\/p>\n<h1>Pulls\/Tee-Shirts<\/h1>\n<p>Vous l&#8217;aurez s\u00fbrement compris, je prends les affaires du haut vers le bas du corps. Faisons-donc maintenant le bilan en ce qui concerne les pulls et les tee-shirts<\/p>\n<h2>Le tricolore<\/h2>\n<p>Le Tricolore est une marque qui a pour ambition de produire enti\u00e8rement en France des v\u00eatements de type casual \u00e0 partir de mati\u00e8res (cotons et laines) recycl\u00e9es. J&#8217;ai command\u00e9 chez eux 2 pulls. Un en laine col rond gris, l&#8217;autre en coton col V bleu. Les produits sont tr\u00e8s jolis et \u00e0 l&#8217;usage les formes se tiennent. Ce qui m&#8217;a particuli\u00e8rement marqu\u00e9 avec ceux-ci, c&#8217;est qu&#8217;on se sent tout de suite bien dedans. Comme pour chacun de ces fabricants fran\u00e7ais, pour obtenir leurs produits il faut passer par une commande sur le Web. Les prix tournent entre 89 et 109\u20ac par pull, ce qui peut sembler un peu cher mais ne me choquent pas particuli\u00e8rement pour un produit d&#8217;usage courant.<\/p>\n<h2>Le Slip Fran\u00e7ais<\/h2>\n<p>Contrairement \u00e0 ce que le nom de l&#8217;entreprise indique, <a href=\"http:\/\/www.leslipfrancais.fr\/\">le Slip Fran\u00e7ais<\/a> ne produit pas que des slips. J&#8217;ai effectivement command\u00e9 chez eux plusieurs tee-shirts. Ceux-ci sont pr\u00e8s du corps, donc mieux vaut assurer le coup en prenant ses mesures de tour de poitrine au pr\u00e9alable.Ce que j&#8217;aime avec ces tee-shirts, c&#8217;est qu&#8217;ils n&#8217;ont pas boug\u00e9s en taille au lavage et restent bien cintr\u00e9s m\u00eame apr\u00e8s les avoir port\u00e9s plusieurs fois. Le prix est d&#8217;environ 39\u20ac par tee-shirt.<\/p>\n<h1>Jeans\/Pantalons<\/h1>\n<h2>1083<\/h2>\n<p>Pour les jeans et pantalons, j&#8217;ai command\u00e9 exclusivement <a href=\"http:\/\/www.1083.fr\/\">chez 1083<\/a>. Soci\u00e9t\u00e9 qui s&#8217;est \u00e0 l&#8217;origine financ\u00e9 en pr\u00e9-commande via une campagne de crowdfunding, ceux-ci se pr\u00e9sentent comme les derniers fabricants de jeans \u00e0 partir de v\u00e9ritables toiles denim. \u00c0 noter que cela permet de se rafra\u00eechir la m\u00e9moire sur l&#8217;origine du nom denim, qui tire son nom de la toile de N\u00eemes, dont le secteur tisserand \u00e9tait tr\u00e8s d\u00e9velopp\u00e9 \u00e0 l&#8217;\u00e9poque de l&#8217;\u00e9mergence du jean comme v\u00eatement de travail universel (oui, \u00e7a aussi nous l&#8217;avons oubli\u00e9 \ud83d\ude09 ) Concernant les produits eux-m\u00eames, les jeans sont correctement taill\u00e9s, les coutures sont toutes doubl\u00e9es donc pr\u00e9sum\u00e9es solides, et les couleurs tr\u00e8s classiques donc passe-partout. Seul b\u00e9mol, je vous conseille vivement de prendre vos mesures avant de commander et de pr\u00e9voir 1 voire 2 tailles au dessus car des lavages r\u00e9p\u00e9t\u00e9s \u00e0 40\u00b0C font r\u00e9tr\u00e9cir drastiquement une toile qui n&#8217;est pas des plus flexibles. Apr\u00e8s discussion avec le support de la soci\u00e9t\u00e9, ceux-ci conseillent maintenant de laver \u00e0 30\u00b0C seulement pour \u00e9viter ce r\u00e9tr\u00e9cissement. Mon interrogation se portant donc sur les m\u00e9thodes mises en place par les autres fabricants pour \u00e9viter cette d\u00e9formation excessive de la toile ? Pour les prix, ces jeans se commandent entre 90 et 110\u20ac, ce qui est tr\u00e8s honn\u00eate.<\/p>\n<h1>Sous-v\u00eatements<\/h1>\n<h2>Le Slip Fran\u00e7ais<\/h2>\n<p><a href=\"http:\/\/www.leslipfrancais.fr\/\">Et les revoil\u00e0<\/a> \ud83d\ude09 Une des premi\u00e8res marques made in France que j&#8217;ai test\u00e9 puisque mon fr\u00e8re et ma soeur m&#8217;avait offert un slip de chez eux pour un de mes anniversaires :-). Marque tr\u00e8s sympa, large choix de mod\u00e8les, avec des boxs basics qui permettent de gagner un peu sur le prix. Ils proposent une large gamme de slips (pas ma tasse de th\u00e9), boxers (courts ou longs), cale\u00e7ons et chaussettes. Je commande chez eux essentiellement des boxers et des chaussettes. J&#8217;aime les couleurs propos\u00e9es qui sortent un peu de l&#8217;ordinaire c\u00f4t\u00e9 chaussettes. Seul petit b\u00e9mol, ils taillent petit. Donc malgr\u00e9 la prise de mesure, pr\u00e9voir la taille au-dessus si vous aimez \u00eatre confortables. Pour prendre mon exemple, je porte du M dans toutes les autres marques mais chez eux du L me convient mieux. C\u00f4t\u00e9 produits, \u00e7&#8217;est solide, apr\u00e8s 1 an de portage r\u00e9gulier rien \u00e0 signaler. Le prix aussi est solide, comptez entre 30 et 39\u20ac le boxer et 9\u20ac la paire de chaussettes. Mais bon, si on en change pas tout son stock tous les 3 mois, une commande chez eux s&#8217;amortit correctement !<\/p>\n<h1>Chaussures<\/h1>\n<h2>1083<\/h2>\n<p>La soci\u00e9t\u00e9 <a href=\"http:\/\/www.1083.fr\/\">1083<\/a> produit des sneakers, dont les photos sont assez all\u00e9chantes et les prix annonc\u00e9s corrects (autour de 120\u20ac), mais je n&#8217;ai pas eu l&#8217;occasion de les essayer car ils sont r\u00e9guli\u00e8rement en rupture de stock sur les mod\u00e8les qui me plaisent dans ma taille (c&#8217;est \u00e7a de faire du 43, taille trop standard). Par contre leur mod\u00e8le Noir de base est sur ma wish-list, clairement !<\/p>\n<h2>Magasin de r\u00e9f\u00e9rence<\/h2>\n<p>Cela fait plusieurs fois que je me fournis en chaussures chez <a href=\"http:\/\/www.kenka-boutique.fr\/\">Kenka<\/a>, magasin de chaussures responsables situ\u00e9s rue Oberkampf \u00e0 Paris. Malgr\u00e9 qu&#8217;ils ne proposent pas beaucoup de fran\u00e7ais (et g\u00e9n\u00e9ralement des mod\u00e8les trop originaux pour moi), je trouve toujours mon bonheur soit du c\u00f4t\u00e9 de <a href=\"http:\/\/www.lointsofholland.com\/\">Loins<\/a> (marque et fabricant hollandais) ou du c\u00f4t\u00e9 d&#8217;<a href=\"http:\/\/www.elnaturalista.com\/en\/\">El Naturalista<\/a> (marque et fabricant espagnol). Ces deux fabricants utilisant exclusivement des mati\u00e8res recycl\u00e9es, et produisant dans leurs pays d&#8217;origines. C\u00f4t\u00e9 prix, les paires que j&#8217;affectionnent valent aux alentours de 130\u20ac.<\/p>\n<p>Il faut savoir que le sujet des chaussures est pour moi un gros sujet car, marchant beaucoup, j&#8217;ai tendance \u00e0 user tr\u00e8s rapidement des chaussures bas de gamme. Quand je dis tr\u00e8s rapidement, c&#8217;est qu&#8217;il me faut entre 2 et 6 mois pour d\u00e9truire une semelle, le record de 2 mois appartenant \u00e0 une ancienne paire de chaussures achet\u00e9es chez Andr\u00e9 lorsque j&#8217;\u00e9tais encore dans les \u00e9tudes, que j&#8217;avais achet\u00e9es car les pr\u00e9c\u00e9dentes tombaient en d\u00e9cr\u00e9pitude mais dans lesquelles je ne voulais (pouvais) pas vraiment mettre beaucoup d&#8217;argent.<\/p>\n<h2>Accessoires<\/h2>\n<p>Je devrais probablement \u00e9toffer cette partie \u00e0 l&#8217;avenir car je n&#8217;ai que tr\u00e8s peu de r\u00e9f\u00e9rences. La question va se poser car mon portefeuille bien-aim\u00e9 (offert par ma tante \u00e0 l&#8217;occasion d&#8217;un No\u00ebl) est lentement mais s\u00fbrement en cours de d\u00e9composition.<\/p>\n<h2>Parapluie Simon<\/h2>\n<p>Encore une fois il ne s&#8217;agit pas d&#8217;un fabricant en tant que tel mais d&#8217;une r\u00e9f\u00e9rence de magasin. Le magasin <a href=\"http:\/\/parapluies-simon.com\/\">Parapluie Simon<\/a>, situ\u00e9 boulevard Saint-Michel, est un fournisseur de parapluie de toutes gammes et donc de tout prix, qui propose un large choix de produits de fabrication fran\u00e7aise. La majorit\u00e9 des fabricants de parapluie fran\u00e7ais sont jurassiens (malgr\u00e9 que les parapluies Cherbourg soient \u00e9galement tr\u00e8s connus) car le bois de pins y est tr\u00e8s adapt\u00e9s. Je ne poss\u00e8de plus de parapluie apr\u00e8s avoir lamentablement oubli\u00e9 le mien dans un bar, mais le jour o\u00f9 je me d\u00e9ciderais \u00e0 r\u00e9-investir j&#8217;irais de mani\u00e8re certaine chez Parapluie Simon, dont la tenanci\u00e8re avec qui j&#8217;avais un peu discut\u00e9 m&#8217;avait donn\u00e9 beaucoup de renseignements.<\/p>\n<h1>Conclusion<\/h1>\n<p>J&#8217;esp\u00e8re par cet article vous avoir donn\u00e9 quelques pistes si vous \u00eates un homme et souhaitez orienter votre consommation de produits d&#8217;habillements vers la fili\u00e8re de fabrication fran\u00e7aise en priorit\u00e9. Si vous regardez les prix que j&#8217;\u00e9voque, vous constaterez qu&#8217;il n&#8217;est nul besoin d&#8217;investir dans des pulls marini\u00e8res \u00e0 300\u20ac pour commencer \u00e0 garnir sa garde-robe de produits tricolores. De ce que j&#8217;en vois, le made in France est une vraie tendance et quelques concurrents des marques que j&#8217;\u00e9voque commencent \u00e0 atteindre le march\u00e9, ce qui est plut\u00f4t bon signe pour la dynamique, pour le choix et pour la r\u00e9silience du secteur.<\/p>\n<p>Et si vous cherchez des informations sur des produits que je n&#8217;\u00e9voque pas, je vous sugg\u00e8re de commencer par faire un petit tour sur le site de <a href=\"http:\/\/www.lafabriquehexagonale.com\/\">la Fabrique Hexagonale !<\/a><\/p>\n","protected":false},"excerpt":{"rendered":"<p>Aujourd&#8217;hui j&#8217;ai envie d&#8217;\u00e9crire un article qui traite d&#8217;une th\u00e9matique tr\u00e8s particuli\u00e8re: l&#8217;habillement ! En effet, en tant que personne cherchant \u00e0 consommer un maximum local (et donc fran\u00e7ais, puisque je vis en France), la question de l&#8217;habillement s&#8217;est pos\u00e9e assez vite lorsque la garde-robe dans laquelle j&#8217;avais investi durant mon s\u00e9jour au Qu\u00e9bec a [&hellip;]<\/p>\n","protected":false},"author":1,"featured_media":650,"comment_status":"open","ping_status":"open","sticky":false,"template":"","format":"standard","meta":{"_coopedia_published":false},"categories":[50],"tags":[51,52],"_links":{"self":[{"href":"https:\/\/www.balessan.me\/api\/wp\/v2\/posts\/344"}],"collection":[{"href":"https:\/\/www.balessan.me\/api\/wp\/v2\/posts"}],"about":[{"href":"https:\/\/www.balessan.me\/api\/wp\/v2\/types\/post"}],"author":[{"embeddable":true,"href":"https:\/\/www.balessan.me\/api\/wp\/v2\/users\/1"}],"replies":[{"embeddable":true,"href":"https:\/\/www.balessan.me\/api\/wp\/v2\/comments?post=344"}],"version-history":[{"count":18,"href":"https:\/\/www.balessan.me\/api\/wp\/v2\/posts\/344\/revisions"}],"predecessor-version":[{"id":646,"href":"https:\/\/www.balessan.me\/api\/wp\/v2\/posts\/344\/revisions\/646"}],"wp:featuredmedia":[{"embeddable":true,"href":"https:\/\/www.balessan.me\/api\/wp\/v2\/media\/650"}],"wp:attachment":[{"href":"https:\/\/www.balessan.me\/api\/wp\/v2\/media?parent=344"}],"wp:term":[{"taxonomy":"category","embeddable":true,"href":"https:\/\/www.balessan.me\/api\/wp\/v2\/categories?post=344"},{"taxonomy":"post_tag","embeddable":true,"href":"https:\/\/www.balessan.me\/api\/wp\/v2\/tags?post=344"}],"curies":[{"name":"wp","href":"https:\/\/api.w.org\/{rel}","templated":true}]}}